{"id":1222,"date":"2024-10-10T18:32:11","date_gmt":"2024-10-10T16:32:11","guid":{"rendered":"https:\/\/greenandcraft.com\/?p=1222"},"modified":"2026-03-22T13:45:01","modified_gmt":"2026-03-22T12:45:01","slug":"la-culture-de-la-cerise-et-la-fabrication-du-kirsch-de-fougerolles","status":"publish","type":"post","link":"https:\/\/greenandcraft.com\/index.php\/2024\/10\/10\/la-culture-de-la-cerise-et-la-fabrication-du-kirsch-de-fougerolles\/","title":{"rendered":"La culture de la cerise et la fabrication du Kirsch de Fougeroles"},"content":{"rendered":"\n<p>Au pied des premiers contreforts du massif des Vosges, le Pays fougeroles offre un environnement propice \u00e0 la culture de la cerise et \u00e0 la fabrication du kirsch. 150 ann\u00e9es de distillation, de vente et de savoir-faire ont fa\u00e7onn\u00e9 le Pays de la Cerise fort d\u2019une communaut\u00e9 unie de paysans, d\u2019agriculteurs, de bouilleurs de cru, de distillateurs et d\u2019artisans. Cette production rare en Europe provient de la culture de vergers de cerisiers haute tige aux qualit\u00e9s paysag\u00e8res et \u00e9cologiques remarquables caract\u00e9ris\u00e9e par un mod\u00e8le agricole sp\u00e9cifique : le pr\u00e9-verger. En alliant \u00e9levage et production fruiti\u00e8re, il permet de valoriser au mieux les ressources agricoles locales. L\u2019expansion de la culture de la cerise et en particulier des \u00ab guignes \u00bb locales est due \u00e0 son utilisation sous toutes ses formes mais surtout dans la distillerie qui fait de Fougeroles le Pays du Kirsch depuis la fin du XVIIIe si\u00e8cle o\u00f9 l\u2019on baptise l\u2019eau de cerise Kirsch. Une trentaine d\u2019agriculteurs exploitent en polyculture 1800 hectares de surface agricole en compl\u00e9mentarit\u00e9 avec la production de cerises \u00e0 Kirsch.<\/p>\n\n\n\n<p>Plus d&rsquo;infos<\/p>\n\n\n\n<p><a href=\"https:\/\/www.culture.gouv.fr\/Thematiques\/patrimoine-culturel-immateriel\/Le-Patrimoine-culturel-immateriel\/l-inventaire-national-du-patrimoine-culturel-immateriel\" data-type=\"link\" data-id=\"https:\/\/www.culture.gouv.fr\/Thematiques\/patrimoine-culturel-immateriel\/Le-Patrimoine-culturel-immateriel\/l-inventaire-national-du-patrimoine-culturel-immateriel\">Inventaire National du Patrimoine Culturel Immat\u00e9riel<\/a>  \/  <a href=\"https:\/\/www.pci-lab.fr\/\" data-type=\"link\" data-id=\"https:\/\/www.pci-lab.fr\/\">PCI LAB<\/a><\/p>\n","protected":false},"excerpt":{"rendered":"<p>Au pied des premiers contreforts du massif des Vosges, le Pays fougeroles offre un environnement propice \u00e0 la culture de la cerise et \u00e0 la fabrication du kirsch. 150 ann\u00e9es de distillation, de vente et de savoir-faire ont fa\u00e7onn\u00e9 le Pays de la Cerise fort d\u2019une communaut\u00e9 unie de paysans, d\u2019agriculteurs, de bouilleurs de cru, &hellip; <\/p>\n<p class=\"link-more\"><a href=\"https:\/\/greenandcraft.com\/index.php\/2024\/10\/10\/la-culture-de-la-cerise-et-la-fabrication-du-kirsch-de-fougerolles\/\" class=\"more-link\">Continuer la lecture<span class=\"screen-reader-text\"> de &laquo;&nbsp;La culture de la cerise et la fabrication du Kirsch de Fougeroles&nbsp;&raquo;<\/span><\/a><\/p>\n","protected":false},"author":1,"featured_media":1223,"comment_status":"open","ping_status":"open","sticky":false,"template":"","format":"standard","meta":{"footnotes":""},"categories":[16,283,384],"tags":[324,401,184,325,334,404,277,281],"class_list":["post-1222","post","type-post","status-publish","format-standard","has-post-thumbnail","hentry","category-france","category-pays","category-projets","tag-communaute","tag-inventaire-national-du-patrimoine-culturel-immateriel","tag-patrimoine-culturel-immateriel","tag-patrimoine-naturel","tag-savoir-faire-agricole","tag-savoir_faire-traditionnel","tag-savoir-faire-du-gout","tag-site-remarquable-du-gout"],"_links":{"self":[{"href":"https:\/\/greenandcraft.com\/index.php\/wp-json\/wp\/v2\/posts\/1222","targetHints":{"allow":["GET"]}}],"collection":[{"href":"https:\/\/greenandcraft.com\/index.php\/wp-json\/wp\/v2\/posts"}],"about":[{"href":"https:\/\/greenandcraft.com\/index.php\/wp-json\/wp\/v2\/types\/post"}],"author":[{"embeddable":true,"href":"https:\/\/greenandcraft.com\/index.php\/wp-json\/wp\/v2\/users\/1"}],"replies":[{"embeddable":true,"href":"https:\/\/greenandcraft.com\/index.php\/wp-json\/wp\/v2\/comments?post=1222"}],"version-history":[{"count":4,"href":"https:\/\/greenandcraft.com\/index.php\/wp-json\/wp\/v2\/posts\/1222\/revisions"}],"predecessor-version":[{"id":1422,"href":"https:\/\/greenandcraft.com\/index.php\/wp-json\/wp\/v2\/posts\/1222\/revisions\/1422"}],"wp:featuredmedia":[{"embeddable":true,"href":"https:\/\/greenandcraft.com\/index.php\/wp-json\/wp\/v2\/media\/1223"}],"wp:attachment":[{"href":"https:\/\/greenandcraft.com\/index.php\/wp-json\/wp\/v2\/media?parent=1222"}],"wp:term":[{"taxonomy":"category","embeddable":true,"href":"https:\/\/greenandcraft.com\/index.php\/wp-json\/wp\/v2\/categories?post=1222"},{"taxonomy":"post_tag","embeddable":true,"href":"https:\/\/greenandcraft.com\/index.php\/wp-json\/wp\/v2\/tags?post=1222"}],"curies":[{"name":"wp","href":"https:\/\/api.w.org\/{rel}","templated":true}]}}