{"id":1379,"date":"2026-03-23T12:21:20","date_gmt":"2026-03-23T11:21:20","guid":{"rendered":"https:\/\/greenandcraft.com\/?p=1379"},"modified":"2026-03-27T10:54:43","modified_gmt":"2026-03-27T09:54:43","slug":"les-pratiques-sociales-et-culturelles-dans-les-bistrots-et-cafes-en-france","status":"publish","type":"post","link":"https:\/\/greenandcraft.com\/index.php\/2026\/03\/23\/les-pratiques-sociales-et-culturelles-dans-les-bistrots-et-cafes-en-france\/","title":{"rendered":"Les pratiques sociales et culturelles dans les Bistrots et Caf\u00e9s en France"},"content":{"rendered":"\n<p><a href=\"https:\/\/www.culture.gouv.fr\/Thematiques\/patrimoine-culturel-immateriel\/Le-Patrimoine-culturel-immateriel\/l-inventaire-national-du-patrimoine-culturel-immateriel\" data-type=\"link\" data-id=\"https:\/\/www.culture.gouv.fr\/Thematiques\/patrimoine-culturel-immateriel\/Le-Patrimoine-culturel-immateriel\/l-inventaire-national-du-patrimoine-culturel-immateriel\">Inventaire National du Patrimoine Culturel Immat\u00e9riel<\/a> \/ <a href=\"https:\/\/www.pci-lab.fr\/\" data-type=\"link\" data-id=\"https:\/\/www.pci-lab.fr\/\">PCI LAB<\/a><\/p>\n\n\n\n<p>Ouverts \u00e0 tous, accueillants, empreints de chaleur humaine, les caf\u00e9s et bistrots en France font partie de notre histoire collective, demeurant des lieux essentiels pour les membres de la communaut\u00e9. Intimement li\u00e9s \u00e0 la vie locale, ces lieux populaires r\u00e9v\u00e8lent des sociabilit\u00e9s propres \u00e0 l\u2019histoire fran\u00e7aise. Que ce soit dans les bourgs ruraux ou les centres-villes, ils continuent de jouer un r\u00f4le de carrefour culturel et social, offrant un espace o\u00f9 les habitants peuvent s&rsquo;informer, consommer, se restaurer, et surtout se retrouver et se conna\u00eetre. Expressions privil\u00e9gi\u00e9es de leur environnement et marqueurs du patrimoine urbain, ils participent activement \u00e0 l\u2019animation des quartiers. Ces lieux se pr\u00e9sentent en France comme un espace culturel tant par les relations sociales qu\u2019ils induisent que par certaines pratiques qu\u2019ils accueillent.<\/p>\n\n\n\n<p>Les bistrots et caf\u00e9s se distinguent par une qualit\u00e9 personnalis\u00e9e de service en cr\u00e9ant une atmosph\u00e8re unique. Ils se caract\u00e9risent ainsi par l&rsquo;interaction riche entre bistrotiers, serveurs, et clients au sein de cet espace culturel. Ce sont la terrasse, le comptoir et les salles qui facilitent les \u00e9changes, attirant \u00e0 la fois des habitu\u00e9s et des visiteurs occasionnels. Ces derniers sont souvent s\u00e9duits par les services offerts \u00e0 toute heure, au quotidien et par l\u2019esprit inclusif des lieux.<s><\/s><\/p>\n\n\n\n<p>Les professionnels se mobilisent pour pr\u00e9server la dimension humaine et la vitalit\u00e9 de ce mode de sociabilit\u00e9, charg\u00e9 d\u2019histoire, attachant et irrempla\u00e7able \u00e0 l\u2019heure du num\u00e9rique et des r\u00e9seaux sociaux.<\/p>\n\n\n\n<p>Plus d&rsquo;infos :<\/p>\n\n\n\n<p><a href=\"https:\/\/www.francetvinfo.fr\/culture\/patrimoine\/cafes-et-bistrots-un-art-de-vivre-a-la-francaise-classe-au-patrimoine-culturel-immateriel-de-l-humanite_6874394.html\">https:\/\/www.francetvinfo.fr\/culture\/patrimoine\/cafes-et-bistrots-un-art-de-vivre-a-la-francaise-classe-au-patrimoine-culturel-immateriel-de-l-humanite_6874394.html<\/a><\/p>\n\n\n\n<p><\/p>\n","protected":false},"excerpt":{"rendered":"<p>Inventaire National du Patrimoine Culturel Immat\u00e9riel \/ PCI LAB Ouverts \u00e0 tous, accueillants, empreints de chaleur humaine, les caf\u00e9s et bistrots en France font partie de notre histoire collective, demeurant des lieux essentiels pour les membres de la communaut\u00e9. Intimement li\u00e9s \u00e0 la vie locale, ces lieux populaires r\u00e9v\u00e8lent des sociabilit\u00e9s propres \u00e0 l\u2019histoire fran\u00e7aise. &hellip; <\/p>\n<p class=\"link-more\"><a href=\"https:\/\/greenandcraft.com\/index.php\/2026\/03\/23\/les-pratiques-sociales-et-culturelles-dans-les-bistrots-et-cafes-en-france\/\" class=\"more-link\">Continuer la lecture<span class=\"screen-reader-text\"> de &laquo;&nbsp;Les pratiques sociales et culturelles dans les Bistrots et Caf\u00e9s en France&nbsp;&raquo;<\/span><\/a><\/p>\n","protected":false},"author":1,"featured_media":1380,"comment_status":"open","ping_status":"open","sticky":false,"template":"","format":"standard","meta":{"footnotes":""},"categories":[16,283,384],"tags":[354,298,324,355,401,184,393],"class_list":["post-1379","post","type-post","status-publish","format-standard","has-post-thumbnail","hentry","category-france","category-pays","category-projets","tag-bistrots","tag-cafes","tag-communaute","tag-espace-culturel","tag-inventaire-national-du-patrimoine-culturel-immateriel","tag-patrimoine-culturel-immateriel","tag-pratique-sociale-et-culturelle"],"_links":{"self":[{"href":"https:\/\/greenandcraft.com\/index.php\/wp-json\/wp\/v2\/posts\/1379","targetHints":{"allow":["GET"]}}],"collection":[{"href":"https:\/\/greenandcraft.com\/index.php\/wp-json\/wp\/v2\/posts"}],"about":[{"href":"https:\/\/greenandcraft.com\/index.php\/wp-json\/wp\/v2\/types\/post"}],"author":[{"embeddable":true,"href":"https:\/\/greenandcraft.com\/index.php\/wp-json\/wp\/v2\/users\/1"}],"replies":[{"embeddable":true,"href":"https:\/\/greenandcraft.com\/index.php\/wp-json\/wp\/v2\/comments?post=1379"}],"version-history":[{"count":7,"href":"https:\/\/greenandcraft.com\/index.php\/wp-json\/wp\/v2\/posts\/1379\/revisions"}],"predecessor-version":[{"id":1828,"href":"https:\/\/greenandcraft.com\/index.php\/wp-json\/wp\/v2\/posts\/1379\/revisions\/1828"}],"wp:featuredmedia":[{"embeddable":true,"href":"https:\/\/greenandcraft.com\/index.php\/wp-json\/wp\/v2\/media\/1380"}],"wp:attachment":[{"href":"https:\/\/greenandcraft.com\/index.php\/wp-json\/wp\/v2\/media?parent=1379"}],"wp:term":[{"taxonomy":"category","embeddable":true,"href":"https:\/\/greenandcraft.com\/index.php\/wp-json\/wp\/v2\/categories?post=1379"},{"taxonomy":"post_tag","embeddable":true,"href":"https:\/\/greenandcraft.com\/index.php\/wp-json\/wp\/v2\/tags?post=1379"}],"curies":[{"name":"wp","href":"https:\/\/api.w.org\/{rel}","templated":true}]}}