{"id":1682,"date":"2025-01-23T18:53:12","date_gmt":"2025-01-23T17:53:12","guid":{"rendered":"https:\/\/greenandcraft.com\/?p=1682"},"modified":"2026-03-22T12:14:38","modified_gmt":"2026-03-22T11:14:38","slug":"formation-aux-metiers-du-patrimoine-de-la-medina-de-tunis","status":"publish","type":"post","link":"https:\/\/greenandcraft.com\/index.php\/2025\/01\/23\/formation-aux-metiers-du-patrimoine-de-la-medina-de-tunis\/","title":{"rendered":"Formation aux M\u00e9tiers du Patrimoine de la M\u00e9dina de Tunis"},"content":{"rendered":"\n<p><strong>Le CoPaM<\/strong> (Co-d\u00e9velopper le Patrimoine mondial en M\u00e9diterran\u00e9e), est une association n\u00e9e en 2021 de la concertation de la soci\u00e9t\u00e9 civile sur le pourtour de la M\u00e9diterran\u00e9e. Sa raison d\u2019\u00eatre est simple, <strong>acc\u00e9l\u00e9rer le d\u00e9veloppement des territoires m\u00e9diterran\u00e9ens en valorisant le patrimoine !<\/strong><\/p>\n\n\n\n<p><strong><a href=\"https:\/\/fr.ulule.com\/la-medina-de-tunis\/?ul_campaign=presale_199646&amp;ul_source=shared-from-Ulule-mail-project.published.coming_soon-on---http.referer--&amp;lang=fr&amp;ul_medium=uluid_6245085\">Sauvez la M\u00e9dina de Tunis et participez \u00e0 la collecte<\/a> !<\/strong><\/p>\n\n\n\n<p>Fond\u00e9e en 698, la M\u00e9dina de Tunis fait partie des <strong>premi\u00e8res villes arabo-musulmanes du Maghreb<\/strong>. Elle abrite de <strong>nombreux tr\u00e9sors cach\u00e9s<\/strong> : palais, sanctuaires, madrassas, maisons familiales ou fondouks artisanaux &#8230; Ce sont autant de t\u00e9moignages de la longue histoire de cette ville et de la cr\u00e9ativit\u00e9 de ses artisans. La M\u00e9dina de Tunis est d&rsquo;ailleurs une des m\u00e9dinas les mieux conserv\u00e9es du monde et c\u2019est \u00e0 ce titre qu\u2019elle est inscrite depuis 1979 au <strong>Patrimoine Mondial de l\u2019UNESCO. <\/strong>Au moment de cette inscription,<strong> c&rsquo;est 50% du patrimoine immobilier de la m\u00e9dina qui est consid\u00e9r\u00e9 comme \u00e9tant en mauvais \u00e9tat ou mena\u00e7ant de ruine<\/strong>.<\/p>\n\n\n\n<p>Participez au d\u00e9ploiement de formations de terrain pour la restauration du patrimoine b\u00e2ti de la M\u00e9dina de Tunis et participez \u00e0 la collecte ! <\/p>\n\n\n\n<p>Ce financement participatif a pour but de r\u00e9aliser diff\u00e9rentes formations aupr\u00e8s des jeunes et des professionnels de la m\u00e9dina dans les m\u00e9tiers du patrimoine.<\/p>\n\n\n\n<p><\/p>\n\n\n\n<p><\/p>\n\n\n\n<p><\/p>\n","protected":false},"excerpt":{"rendered":"<p>Le CoPaM (Co-d\u00e9velopper le Patrimoine mondial en M\u00e9diterran\u00e9e), est une association n\u00e9e en 2021 de la concertation de la soci\u00e9t\u00e9 civile sur le pourtour de la M\u00e9diterran\u00e9e. Sa raison d\u2019\u00eatre est simple, acc\u00e9l\u00e9rer le d\u00e9veloppement des territoires m\u00e9diterran\u00e9ens en valorisant le patrimoine ! Sauvez la M\u00e9dina de Tunis et participez \u00e0 la collecte ! Fond\u00e9e &hellip; <\/p>\n<p class=\"link-more\"><a href=\"https:\/\/greenandcraft.com\/index.php\/2025\/01\/23\/formation-aux-metiers-du-patrimoine-de-la-medina-de-tunis\/\" class=\"more-link\">Continuer la lecture<span class=\"screen-reader-text\"> de &laquo;&nbsp;Formation aux M\u00e9tiers du Patrimoine de la M\u00e9dina de Tunis&nbsp;&raquo;<\/span><\/a><\/p>\n","protected":false},"author":1,"featured_media":1683,"comment_status":"open","ping_status":"open","sticky":false,"template":"","format":"standard","meta":{"footnotes":""},"categories":[374,283,375],"tags":[36,320,117,132,184],"class_list":["post-1682","post","type-post","status-publish","format-standard","has-post-thumbnail","hentry","category-informations","category-pays","category-tunisie","tag-architecture","tag-artisanat","tag-formation","tag-international","tag-patrimoine-culturel-immateriel"],"_links":{"self":[{"href":"https:\/\/greenandcraft.com\/index.php\/wp-json\/wp\/v2\/posts\/1682","targetHints":{"allow":["GET"]}}],"collection":[{"href":"https:\/\/greenandcraft.com\/index.php\/wp-json\/wp\/v2\/posts"}],"about":[{"href":"https:\/\/greenandcraft.com\/index.php\/wp-json\/wp\/v2\/types\/post"}],"author":[{"embeddable":true,"href":"https:\/\/greenandcraft.com\/index.php\/wp-json\/wp\/v2\/users\/1"}],"replies":[{"embeddable":true,"href":"https:\/\/greenandcraft.com\/index.php\/wp-json\/wp\/v2\/comments?post=1682"}],"version-history":[{"count":6,"href":"https:\/\/greenandcraft.com\/index.php\/wp-json\/wp\/v2\/posts\/1682\/revisions"}],"predecessor-version":[{"id":1693,"href":"https:\/\/greenandcraft.com\/index.php\/wp-json\/wp\/v2\/posts\/1682\/revisions\/1693"}],"wp:featuredmedia":[{"embeddable":true,"href":"https:\/\/greenandcraft.com\/index.php\/wp-json\/wp\/v2\/media\/1683"}],"wp:attachment":[{"href":"https:\/\/greenandcraft.com\/index.php\/wp-json\/wp\/v2\/media?parent=1682"}],"wp:term":[{"taxonomy":"category","embeddable":true,"href":"https:\/\/greenandcraft.com\/index.php\/wp-json\/wp\/v2\/categories?post=1682"},{"taxonomy":"post_tag","embeddable":true,"href":"https:\/\/greenandcraft.com\/index.php\/wp-json\/wp\/v2\/tags?post=1682"}],"curies":[{"name":"wp","href":"https:\/\/api.w.org\/{rel}","templated":true}]}}