{"id":642,"date":"2015-05-22T19:00:16","date_gmt":"2015-05-22T18:00:16","guid":{"rendered":"http:\/\/www.greenandcraft.com\/?p=642"},"modified":"2026-03-22T14:27:30","modified_gmt":"2026-03-22T13:27:30","slug":"master-class-ceramique-kilkenny-irlande","status":"publish","type":"post","link":"https:\/\/greenandcraft.com\/index.php\/2015\/05\/22\/master-class-ceramique-kilkenny-irlande\/","title":{"rendered":"Master Class C\u00e9ramique Kilkenny, Irlande"},"content":{"rendered":"<h4>M\u00e9tier d\u2019Arts et Design \/ Master Class Europ\u00e9enne sur la C\u00e9ramique<\/h4>\n<p><iframe title=\"Ceramics Master Class\" width=\"525\" height=\"295\" src=\"https:\/\/www.youtube.com\/embed\/pN4qnLYv9Kc?feature=oembed\" frameborder=\"0\" allow=\"accelerometer; autoplay; clipboard-write; encrypted-media; gyroscope; picture-in-picture; web-share\" referrerpolicy=\"strict-origin-when-cross-origin\" allowfullscreen><\/iframe><\/p>\n<p>15 jeunes dipl\u00f4m\u00e9s des M\u00e9tiers d&rsquo;Art et du Design autour d&rsquo;ateliers de recherche, de pratique et de rencontres avec des professionnels irlandais ont particip\u00e9 \u00e0 une Master Class sur la C\u00e9ramique.<\/p>\n<p>Organis\u00e9e du 19 au 26\u00a0ao\u00fbt\u00a02013 par l\u2019Ecole de la formation en design et techniques de la c\u00e9ramique du Crafts Council of Ireland\u00a0 en partenariat avec l&rsquo;INMA, Fundesarte en Espagne et d\u2019Espagne et le Centre de la production des Arts et Traditions Populaires (ULUV) de Slovaquie dans le cadre du programme Leonardo da Vinci. <strong><br \/>\n<\/strong><\/p>\n","protected":false},"excerpt":{"rendered":"<p>M\u00e9tier d\u2019Arts et Design \/ Master Class Europ\u00e9enne sur la C\u00e9ramique 15 jeunes dipl\u00f4m\u00e9s des M\u00e9tiers d&rsquo;Art et du Design autour d&rsquo;ateliers de recherche, de pratique et de rencontres avec des professionnels irlandais ont particip\u00e9 \u00e0 une Master Class sur la C\u00e9ramique. Organis\u00e9e du 19 au 26\u00a0ao\u00fbt\u00a02013 par l\u2019Ecole de la formation en design et &hellip; <\/p>\n<p class=\"link-more\"><a href=\"https:\/\/greenandcraft.com\/index.php\/2015\/05\/22\/master-class-ceramique-kilkenny-irlande\/\" class=\"more-link\">Continuer la lecture<span class=\"screen-reader-text\"> de &laquo;&nbsp;Master Class C\u00e9ramique Kilkenny, Irlande&nbsp;&raquo;<\/span><\/a><\/p>\n","protected":false},"author":2,"featured_media":643,"comment_status":"open","ping_status":"open","sticky":false,"template":"","format":"standard","meta":{"footnotes":""},"categories":[288,376,16,382,283,381],"tags":[320,62,389,117,132,184,390],"class_list":["post-642","post","type-post","status-publish","format-standard","has-post-thumbnail","hentry","category-espagne","category-finlande","category-france","category-irlande","category-pays","category-slovaquie","tag-artisanat","tag-ceramique","tag-cooperation","tag-formation","tag-international","tag-patrimoine-culturel-immateriel","tag-savoir-faire-traditionnel-2"],"_links":{"self":[{"href":"https:\/\/greenandcraft.com\/index.php\/wp-json\/wp\/v2\/posts\/642","targetHints":{"allow":["GET"]}}],"collection":[{"href":"https:\/\/greenandcraft.com\/index.php\/wp-json\/wp\/v2\/posts"}],"about":[{"href":"https:\/\/greenandcraft.com\/index.php\/wp-json\/wp\/v2\/types\/post"}],"author":[{"embeddable":true,"href":"https:\/\/greenandcraft.com\/index.php\/wp-json\/wp\/v2\/users\/2"}],"replies":[{"embeddable":true,"href":"https:\/\/greenandcraft.com\/index.php\/wp-json\/wp\/v2\/comments?post=642"}],"version-history":[{"count":1,"href":"https:\/\/greenandcraft.com\/index.php\/wp-json\/wp\/v2\/posts\/642\/revisions"}],"predecessor-version":[{"id":1542,"href":"https:\/\/greenandcraft.com\/index.php\/wp-json\/wp\/v2\/posts\/642\/revisions\/1542"}],"wp:featuredmedia":[{"embeddable":true,"href":"https:\/\/greenandcraft.com\/index.php\/wp-json\/"}],"wp:attachment":[{"href":"https:\/\/greenandcraft.com\/index.php\/wp-json\/wp\/v2\/media?parent=642"}],"wp:term":[{"taxonomy":"category","embeddable":true,"href":"https:\/\/greenandcraft.com\/index.php\/wp-json\/wp\/v2\/categories?post=642"},{"taxonomy":"post_tag","embeddable":true,"href":"https:\/\/greenandcraft.com\/index.php\/wp-json\/wp\/v2\/tags?post=642"}],"curies":[{"name":"wp","href":"https:\/\/api.w.org\/{rel}","templated":true}]}}